{"id":2700,"date":"2013-10-29T00:44:58","date_gmt":"2013-10-29T00:44:58","guid":{"rendered":"https:\/\/complejopueblodelrio.com\/sitio\/?p=2700"},"modified":"2014-03-12T01:40:23","modified_gmt":"2014-03-12T01:40:23","slug":"dakar2014-tambien-se-vive-en-arroyo-seco","status":"publish","type":"post","link":"https:\/\/complejopueblodelrio.com\/sitio\/dakar2014-tambien-se-vive-en-arroyo-seco\/","title":{"rendered":"#Dakar2014 tambi\u00e9n se vive en Arroyo Seco"},"content":{"rendered":"<p style=\"text-align: justify;\"><img loading=\"lazy\" decoding=\"async\" class=\"size-medium wp-image-2703 aligncenter\" alt=\"Dakar_450\" src=\"https:\/\/complejopueblodelrio.com\/sitio\/wp-content\/uploads\/2013\/10\/Dakar_450-300x221.png\" width=\"300\" height=\"221\" \/>En ENERO, Rosario ser\u00e1 sede de la largada de una de las competencias m\u00e1s desafiantes y excitantes \u00a0del mundo del Rally: <span style=\"color: #000000;\"><strong>el Dakar<\/strong><\/span>.<br \/>\nY, en esta oportunidad, nuestro inigualable R\u00edo Paran\u00e1 ser\u00e1 escenario de esta incre\u00edble\u00a0aventura.<\/p>\n<p style=\"text-align: justify;\">Por su cercan\u00eda, <strong>Arroyo Seco<\/strong> tambi\u00e9n vibrar\u00e1 con esta experiencia.<br \/>\nLa ciudad, ya se prepara para albergar a visitantes de todo el mundo que, para relajarse y recomponerse de la adrenalina de la largada, optar\u00e1n por la tranquilidad de esta peque\u00f1a localidad.<\/p>\n<p style=\"text-align: justify;\">En este marco, <span style=\"color: #000000;\"><strong>Complejo Pueblo del R\u00edo<\/strong><\/span>, es la opci\u00f3n ideal de alojamiento. Lejos del ruido, cerca de la naturaleza y\u00a0<span style=\"color: #000000;\"><strong>a s\u00f3lo 20 minutos de la largada<\/strong><\/span>.<br \/>\nNaturaleza, confort y todas nuestras comodidades a total servicio de nuestros hu\u00e9spedes.<\/p>\n<p style=\"text-align: center;\"><em><span style=\"color: #000000;\">CONSULTE PRECIOS ESPECIALES POR<br \/>\nRESERVA ANTICIPADA 2013.<\/span><\/em><\/p>\n<p>&nbsp;<\/p>\n<p style=\"text-align: justify;\">+info del Complejo:<br \/>\n<a href=\"https:\/\/www.facebook.com\/pueblodelriocomplejo\">https:\/\/www.facebook.com\/pueblodelriocomplejo<\/a><\/p>\n<p style=\"text-align: justify;\">+ info Dakar Rosario 2014:<br \/>\n<a href=\"http:\/\/www.rosario.gov.ar\/sitio\/deporte\/dakar.jsp\">http:\/\/www.rosario.gov.ar\/sitio\/deporte\/dakar.jsp<\/a><\/p>\n","protected":false},"excerpt":{"rendered":"<p>En ENERO, Rosario ser\u00e1 sede de la largada de una de las competencias m\u00e1s desafiantes y excitantes \u00a0del mundo del Rally: el Dakar. Y, en esta oportunidad, nuestro inigualable R\u00edo Paran\u00e1 ser\u00e1 escenario de esta incre\u00edble\u00a0aventura. Por su cercan\u00eda, Arroyo Seco tambi\u00e9n vibrar\u00e1 con esta experiencia. La ciudad, ya se prepara para albergar a visitantes [&hellip;]<\/p>\n","protected":false},"author":3,"featured_media":0,"comment_status":"open","ping_status":"open","sticky":false,"template":"","format":"standard","meta":{"footnotes":""},"categories":[17],"tags":[43,41,40,42],"class_list":["post-2700","post","type-post","status-publish","format-standard","hentry","category-news","tag-alojamiento","tag-arroyo-seco","tag-dakar","tag-rosario"],"_links":{"self":[{"href":"https:\/\/complejopueblodelrio.com\/sitio\/wp-json\/wp\/v2\/posts\/2700","targetHints":{"allow":["GET"]}}],"collection":[{"href":"https:\/\/complejopueblodelrio.com\/sitio\/wp-json\/wp\/v2\/posts"}],"about":[{"href":"https:\/\/complejopueblodelrio.com\/sitio\/wp-json\/wp\/v2\/types\/post"}],"author":[{"embeddable":true,"href":"https:\/\/complejopueblodelrio.com\/sitio\/wp-json\/wp\/v2\/users\/3"}],"replies":[{"embeddable":true,"href":"https:\/\/complejopueblodelrio.com\/sitio\/wp-json\/wp\/v2\/comments?post=2700"}],"version-history":[{"count":13,"href":"https:\/\/complejopueblodelrio.com\/sitio\/wp-json\/wp\/v2\/posts\/2700\/revisions"}],"predecessor-version":[{"id":2717,"href":"https:\/\/complejopueblodelrio.com\/sitio\/wp-json\/wp\/v2\/posts\/2700\/revisions\/2717"}],"wp:attachment":[{"href":"https:\/\/complejopueblodelrio.com\/sitio\/wp-json\/wp\/v2\/media?parent=2700"}],"wp:term":[{"taxonomy":"category","embeddable":true,"href":"https:\/\/complejopueblodelrio.com\/sitio\/wp-json\/wp\/v2\/categories?post=2700"},{"taxonomy":"post_tag","embeddable":true,"href":"https:\/\/complejopueblodelrio.com\/sitio\/wp-json\/wp\/v2\/tags?post=2700"}],"curies":[{"name":"wp","href":"https:\/\/api.w.org\/{rel}","templated":true}]}}