{"id":2723,"date":"2014-03-11T21:56:26","date_gmt":"2014-03-11T21:56:26","guid":{"rendered":"https:\/\/complejopueblodelrio.com\/sitio\/?p=2723"},"modified":"2014-03-12T01:38:38","modified_gmt":"2014-03-12T01:38:38","slug":"expoagro2014-toprace","status":"publish","type":"post","link":"https:\/\/complejopueblodelrio.com\/sitio\/expoagro2014-toprace\/","title":{"rendered":"Arroyo Seco, siempre cerca de todo #Expoagro2014  #TopRace2014"},"content":{"rendered":"<p style=\"text-align: justify;\">Esta semana,<span style=\"color: #000000;\"> del<\/span> <span style=\"color: #000000;\">mi\u00e9rcoles 12 al domingo 16 de marzo<\/span>, dos grandes eventos tendr\u00e1n lugar cerca de nuestra ciudad.<\/p>\n<p style=\"text-align: justify;\"><a href=\"https:\/\/complejopueblodelrio.com\/sitio\/wp-content\/uploads\/2014\/03\/mapa1.jpg\"><img loading=\"lazy\" decoding=\"async\" class=\"size-medium wp-image-2737 aligncenter\" alt=\"mapa\" src=\"https:\/\/complejopueblodelrio.com\/sitio\/wp-content\/uploads\/2014\/03\/mapa1-300x248.jpg\" width=\"300\" height=\"248\" srcset=\"https:\/\/complejopueblodelrio.com\/sitio\/wp-content\/uploads\/2014\/03\/mapa1-300x248.jpg 300w, https:\/\/complejopueblodelrio.com\/sitio\/wp-content\/uploads\/2014\/03\/mapa1.jpg 400w\" sizes=\"auto, (max-width: 300px) 100vw, 300px\" \/><\/a><br \/>\nEn <strong>Ramallo<\/strong>, se llevar\u00e1 acabo <a href=\"https:\/\/www.facebook.com\/hashtag\/expoagro2014\">#Expoagro2014<\/a> una de las muestras agropecuarias, a campo abierto, m\u00e1s importantes del pa\u00eds. All\u00ed, se congregan las principales empresas del sector para exponer, compartir y debatir, DE TODO: potencial tecnol\u00f3gico, nuevas pr\u00e1cticas,\u00a0 novedades en materia de maquinarias agr\u00edcola y mucho m\u00e1s!<br \/>\n<em><span style=\"text-decoration: underline;\">Atractivo extra<\/span>: <\/em>en las adyacencias del predio donde se realiza la muestra, se ponen a prueba cientos de m\u00e1quinas e implementos agr\u00edcolas de \u00faltima generaci\u00f3n que realizan distintos trabajos: labores de siembra, cosecha, pulverizaci\u00f3n, embolsado de granos, hilerado, enrollado. Una oportunidad de negocios \u00fanica para los interesados y una experiencia diferente para todos aquellos visitantes que no est\u00e9n acostumbrados a este tipo de actividades.<\/p>\n<p style=\"text-align: justify;\">En <strong>Rosario<\/strong>, una vez m\u00e1s, rugir\u00e1n los motores.<br \/>\nPor tercer a\u00f1o consecutivo, llega al Aut\u00f3dromo Municipal Juan Manuel Fangio el <a href=\"https:\/\/www.facebook.com\/autodromorosarioeem\" target=\"_blank\">#TopRace2014<\/a>. En esta oportunidad, se correr\u00e1 la segunda fecha de la <em>categor\u00eda espect\u00e1culo<\/em>,\u00a0 con sus divisionales TRV6; y las <em>teloneras Top Race Series y Turismo Internacional<strong>.<\/strong><\/em><\/p>\n<p style=\"text-align: justify;\"><strong>Arroyo Seco<\/strong>, por su ubicaci\u00f3n estrat\u00e9gica, ya se prepara para recibir gran cantidad de p\u00fablico de la regi\u00f3n y del resto del pa\u00eds. En este marco, <strong>Complejo Pueblo del R\u00edo<\/strong>, es una opci\u00f3n ideal de alojamiento. Cerca de todo pero lejos del ruido y del gent\u00edo. A s\u00f3lo<strong>40 km de la muestra<\/strong><span style=\"color: #000000;\">\u00a0y a <strong>35 minutos del aut\u00f3dromo<\/strong>.<\/span><\/p>\n<p>&nbsp;<\/p>\n<p>+info del Complejo:<br \/>\n<a href=\"https:\/\/www.facebook.com\/pueblodelriocomplejo\">https:\/\/www.facebook.com\/pueblodelriocomplejo<\/a><\/p>\n<p>+ info Expoagro 2014:<br \/>\n<a href=\"http:\/\/www.expoagro.com.ar\/site\/\">www.expoagro.com.ar\/site\/<\/a><\/p>\n<p>+ info Top Race 2014:<br \/>\n<a href=\"http:\/\/www.trv6.net\/site\/\">www.trv6.net\/site\/<\/a><\/p>\n","protected":false},"excerpt":{"rendered":"<p>Esta semana, del mi\u00e9rcoles 12 al domingo 16 de marzo, dos grandes eventos tendr\u00e1n lugar cerca de nuestra ciudad. En Ramallo, se llevar\u00e1 acabo #Expoagro2014 una de las muestras agropecuarias, a campo abierto, m\u00e1s importantes del pa\u00eds. All\u00ed, se congregan las principales empresas del sector para exponer, compartir y debatir, DE TODO: potencial tecnol\u00f3gico, nuevas [&hellip;]<\/p>\n","protected":false},"author":3,"featured_media":2737,"comment_status":"open","ping_status":"open","sticky":false,"template":"","format":"standard","meta":{"footnotes":""},"categories":[17],"tags":[43,44,46,47,42,45],"class_list":["post-2723","post","type-post","status-publish","format-standard","has-post-thumbnail","hentry","category-news","tag-alojamiento","tag-arrojo-seco","tag-expoagro","tag-ramallo","tag-rosario","tag-top-race"],"_links":{"self":[{"href":"https:\/\/complejopueblodelrio.com\/sitio\/wp-json\/wp\/v2\/posts\/2723","targetHints":{"allow":["GET"]}}],"collection":[{"href":"https:\/\/complejopueblodelrio.com\/sitio\/wp-json\/wp\/v2\/posts"}],"about":[{"href":"https:\/\/complejopueblodelrio.com\/sitio\/wp-json\/wp\/v2\/types\/post"}],"author":[{"embeddable":true,"href":"https:\/\/complejopueblodelrio.com\/sitio\/wp-json\/wp\/v2\/users\/3"}],"replies":[{"embeddable":true,"href":"https:\/\/complejopueblodelrio.com\/sitio\/wp-json\/wp\/v2\/comments?post=2723"}],"version-history":[{"count":20,"href":"https:\/\/complejopueblodelrio.com\/sitio\/wp-json\/wp\/v2\/posts\/2723\/revisions"}],"predecessor-version":[{"id":2777,"href":"https:\/\/complejopueblodelrio.com\/sitio\/wp-json\/wp\/v2\/posts\/2723\/revisions\/2777"}],"wp:featuredmedia":[{"embeddable":true,"href":"https:\/\/complejopueblodelrio.com\/sitio\/wp-json\/wp\/v2\/media\/2737"}],"wp:attachment":[{"href":"https:\/\/complejopueblodelrio.com\/sitio\/wp-json\/wp\/v2\/media?parent=2723"}],"wp:term":[{"taxonomy":"category","embeddable":true,"href":"https:\/\/complejopueblodelrio.com\/sitio\/wp-json\/wp\/v2\/categories?post=2723"},{"taxonomy":"post_tag","embeddable":true,"href":"https:\/\/complejopueblodelrio.com\/sitio\/wp-json\/wp\/v2\/tags?post=2723"}],"curies":[{"name":"wp","href":"https:\/\/api.w.org\/{rel}","templated":true}]}}