{"id":2844,"date":"2015-02-12T19:59:13","date_gmt":"2015-02-12T19:59:13","guid":{"rendered":"https:\/\/complejopueblodelrio.com\/sitio\/?p=2844"},"modified":"2015-02-13T17:05:41","modified_gmt":"2015-02-13T17:05:41","slug":"%e2%80%8eexpoagro%e2%80%ac-2015","status":"publish","type":"post","link":"https:\/\/complejopueblodelrio.com\/sitio\/%e2%80%8eexpoagro%e2%80%ac-2015\/","title":{"rendered":"#\u200eExpoagro\u202c 2015: alojate con nosotros!"},"content":{"rendered":"<p><span style=\"color: #000000\"> <span style=\"font-size: medium\">Del 3 al 6 de marzo de 2015, vuelve <b>Expoagro<\/b>. Y, una vez m\u00e1s, <b>Complejo PUEBLO DEL R\u00cdO<\/b> es una gran opci\u00f3n de alojamiento para quienes piesen visitarla.<br \/>\n<\/span><\/span><\/p>\n<p><span style=\"color: #ffffff\"><span style=\"font-size: medium;color: #000000\"><b>A s\u00f3lo unos poco kil\u00f3metros del predio y con todas las comodidades<\/b> nuestro Complejo es, sin dudas, el lugar ideal para descansar y recobrar energ\u00edas luego de cada intensa jornada de trabajo\/visita a la muestra.<\/span><\/span><\/p>\n<p><span style=\"color: #ffffff\"><span style=\"font-size: medium;color: #000000\">Adem\u00e1s, es una muy buena alternativas para empresas o grupos de personas ya que nuestras caba\u00f1as est\u00e1n totalmente equipadas para hasta 8 personas.<\/span><\/span><\/p>\n<p><a href=\"https:\/\/complejopueblodelrio.com\/sitio\/wp-content\/uploads\/2015\/02\/Mapa_expo.jpg\"><img loading=\"lazy\" decoding=\"async\" class=\"size-medium wp-image-2845 aligncenter\" src=\"https:\/\/complejopueblodelrio.com\/sitio\/wp-content\/uploads\/2015\/02\/Mapa_expo-300x163.jpg\" alt=\"Mapa_expo\" width=\"300\" height=\"163\" \/><\/a><\/p>\n<p><span style=\"color: #ffffff\"><span style=\"font-size: medium;color: #000000\">Su ubicaci\u00f3n en el kil\u00f3metro 271 de la Ruta Provincial N\u00ba 21 (ciudad de Arroyo Seco), permite tener r\u00e1pido acceso a todo&#8230; (incluso <em>al silencio y la tranquilidad del r\u00edo y la naturaleza!<\/em>). A tan s\u00f3lo:<br \/>\n<\/span><\/span><\/p>\n<ul>\n<li><span style=\"color: #ffffff\"><span style=\"font-size: medium;color: #000000\">200 m del r\u00edo Paran\u00e1<\/span><\/span><\/li>\n<li><span style=\"color: #ffffff\"><span style=\"font-size: medium;color: #000000\">5 km del centro de la ciudad<\/span><\/span><\/li>\n<li><span style=\"color: #ffffff\"><span style=\"font-size: medium;color: #000000\">10 km de la zona portuaria (Shell, Toepfer, Dreyfus)<\/span><\/span><\/li>\n<li><span style=\"color: #ffffff\"><span style=\"font-size: medium;color: #000000\">30 km de Rosario<\/span><\/span><\/li>\n<li><span style=\"color: #ffffff\"><span style=\"font-size: medium;color: #000000\">1 h del predio Expoagro<\/span><\/span><\/li>\n<li><span style=\"color: #ffffff\"><span style=\"font-size: medium;color: #000000\">2 hs de Capital Federal<\/span><\/span><\/li>\n<\/ul>\n<p><span style=\"color: #ffffff\"><span style=\"font-size: medium;color: #000000\">\u00bfQu\u00e9 esper\u00e1s para visitarnos?<br \/>\n<\/span><\/span><\/p>\n<p>+info del Complejo:<br \/>\n<a href=\"https:\/\/www.facebook.com\/pueblodelriocomplejo\">https:\/\/www.facebook.com\/pueblodelriocomplejo<\/a><\/p>\n<p>+ info Expoagro 2015:<br \/>\n<a href=\"http:\/\/www.expoagro.com.ar\/site\/\">www.expoagro.com.ar\/site\/<\/a><\/p>\n","protected":false},"excerpt":{"rendered":"<p>Del 3 al 6 de marzo de 2015, vuelve Expoagro. Y, una vez m\u00e1s, Complejo PUEBLO DEL R\u00cdO es una gran opci\u00f3n de alojamiento para quienes piesen visitarla. A s\u00f3lo unos poco kil\u00f3metros del predio y con todas las comodidades nuestro Complejo es, sin dudas, el lugar ideal para descansar y recobrar energ\u00edas luego de [&hellip;]<\/p>\n","protected":false},"author":3,"featured_media":0,"comment_status":"closed","ping_status":"closed","sticky":false,"template":"","format":"standard","meta":{"footnotes":""},"categories":[17],"tags":[43,39,46,47,42,50],"class_list":["post-2844","post","type-post","status-publish","format-standard","hentry","category-news","tag-alojamiento","tag-cabanas-2","tag-expoagro","tag-ramallo","tag-rosario","tag-san-pedro"],"_links":{"self":[{"href":"https:\/\/complejopueblodelrio.com\/sitio\/wp-json\/wp\/v2\/posts\/2844","targetHints":{"allow":["GET"]}}],"collection":[{"href":"https:\/\/complejopueblodelrio.com\/sitio\/wp-json\/wp\/v2\/posts"}],"about":[{"href":"https:\/\/complejopueblodelrio.com\/sitio\/wp-json\/wp\/v2\/types\/post"}],"author":[{"embeddable":true,"href":"https:\/\/complejopueblodelrio.com\/sitio\/wp-json\/wp\/v2\/users\/3"}],"replies":[{"embeddable":true,"href":"https:\/\/complejopueblodelrio.com\/sitio\/wp-json\/wp\/v2\/comments?post=2844"}],"version-history":[{"count":8,"href":"https:\/\/complejopueblodelrio.com\/sitio\/wp-json\/wp\/v2\/posts\/2844\/revisions"}],"predecessor-version":[{"id":2855,"href":"https:\/\/complejopueblodelrio.com\/sitio\/wp-json\/wp\/v2\/posts\/2844\/revisions\/2855"}],"wp:attachment":[{"href":"https:\/\/complejopueblodelrio.com\/sitio\/wp-json\/wp\/v2\/media?parent=2844"}],"wp:term":[{"taxonomy":"category","embeddable":true,"href":"https:\/\/complejopueblodelrio.com\/sitio\/wp-json\/wp\/v2\/categories?post=2844"},{"taxonomy":"post_tag","embeddable":true,"href":"https:\/\/complejopueblodelrio.com\/sitio\/wp-json\/wp\/v2\/tags?post=2844"}],"curies":[{"name":"wp","href":"https:\/\/api.w.org\/{rel}","templated":true}]}}